{"id":7106,"__str__":"Indica\u00e7\u00e3o n\u00ba 14 de 2017 | Encaminhamento de Expediente | 01/02/2017","link_detail_backend":"/materia/tramitacao/7106","metadata":{"old_system":{"value":{"id":7106,"versao":0,"objetivo":{},"publicar":1,"__model__":"Tramitacao","dataenvio":"2017-02-01T00:00:00Z","dataprazo":null,"documento":{"id":12624,"ano":2017,"data":"2017-02-01T00:00:00Z","flag1":null,"valor":null,"numero":14,"quorum":null,"regime":6,"versao":0,"assunto":"Indicam a implanta\u00e7\u00e3o de parque infantil no Residencial Flor do Cerrado, no Bairro Jardim das Palmeiras.","subtipo":null,"votacao":null,"publicar":1,"situacao":16,"__model__":"Documento","descricao":"Indica\u00e7\u00e3o N\u00ba 14/2017","discussao":null,"anoprocesso":null,"complemento":null,"observacoes":"","anoadicional":null,"dataadicional":null,"identificacao":null,"tipodocumento":135,"numeroprocesso":null,"numeroadicional":null,"descricaocompleta":"Indica\u00e7\u00e3o N\u00ba 14/2017","complementoprocesso":null,"complementoadicional":null},"remetente":{"id":404,"nome":"CICERO DOS SANTOS SILVA","ativo":0,"versao":0,"apelido":"CICERO","publicar":0,"__model__":"Autor","tipoautor":3,"legislativo":1,"observacoes":"1. Eleito com 669 votos pela Coliga\u00e7\u00e3o Por Amor a Nossa Terra 1, pelo PMB, no pleito de 02.10.2016. Empossado em 01.01.2017.","usarapelido":0},"resultado":{},"sequencia":1,"vinculopai":{},"complemento":"Inclusa na pauta da sess\u00e3o 06.02.2017","destinatario":{"id":8,"nome":"Presid\u00eancia","ativo":1,"versao":1,"apelido":"Presid\u00eancia","publicar":0,"__model__":"Autor","tipoautor":9,"legislativo":0,"observacoes":null,"usarapelido":0},"respostadata":"2017-02-06T00:00:00Z","documentovinculado":{},"respostaobservacoes":"Lida e aprovada por 8x0 votos","remetenteusarapelido":0,"destinatariousarapelido":0,"respostadocumentovinculado":{}}}},"timestamp":"2017-01-31T23:00:00-03:00","data_tramitacao":"2017-02-01","data_encaminhamento":"2017-02-01","urgente":false,"turno":"","texto":"Complemento: Inclusa na pauta da sess\u00e3o 06.02.2017\nData da Resposta: 06/02/2017\nResposta Observa\u00e7\u00f5es: Lida e aprovada por 8x0 votos","data_fim_prazo":null,"ip":"","ultima_edicao":null,"status":41,"materia":12624,"unidade_tramitacao_local":404,"unidade_tramitacao_destino":8,"user":null}