{"id":8438,"__str__":"Requerimento n\u00ba 83 de 2018 | Encaminhamento de Expediente | 26/04/2018","link_detail_backend":"/materia/tramitacao/8438","metadata":{"old_system":{"value":{"id":8438,"versao":0,"objetivo":{},"publicar":1,"__model__":"Tramitacao","dataenvio":"2018-04-26T00:00:00Z","dataprazo":null,"documento":{"id":14827,"ano":2018,"data":"2018-04-16T00:00:00Z","flag1":null,"valor":null,"numero":83,"quorum":null,"regime":6,"versao":0,"assunto":"Requeremos a Vossa Excel\u00eancia, ouvido o soberano Plen\u00e1rio, nos termos do art. 24 da Lei Org\u00e2nica Municipal c/c o art. 22 da Lei Municipal n\u00ba 812/2001, a convoca\u00e7\u00e3o do Secret\u00e1rio Municipal de Finan\u00e7as - Sr. Jaime Luis Ott e do Diretor do Departamento de Fiscaliza\u00e7\u00e3o da Prefeitura - Sr. J\u00fapiter L\u00e9lis de Souza, e que seja convidado o  Prefeito - Sr. Rafael Machado, para uma reuni\u00e3o com os Vereadores e representantes da Associa\u00e7\u00e3o Motot\u00e1xi Rod\u00e3o, com a finalidade de apresentar perante o Poder Executivo solicita\u00e7\u00e3o de transfer\u00eancia de ponto de estacionamento de motot\u00e1xi, atualmente localizado na Av. Mato Grosso esquina com Rua Bel\u00e9m. Requerem o agendamento da referida reuni\u00e3o para o dia 2 de maio p.v., com in\u00edcio \u00e0s 9:00 horas, na sala de reuni\u00f5es desta Casa.","subtipo":null,"votacao":null,"publicar":1,"situacao":259,"__model__":"Documento","descricao":"Requerimento N\u00ba 83/2018","discussao":null,"anoprocesso":null,"complemento":null,"observacoes":"","anoadicional":null,"dataadicional":null,"identificacao":null,"tipodocumento":134,"numeroprocesso":null,"numeroadicional":null,"descricaocompleta":"Requerimento N\u00ba 83/2018","complementoprocesso":null,"complementoadicional":null},"remetente":{"id":8,"nome":"Presid\u00eancia","ativo":1,"versao":1,"apelido":"Presid\u00eancia","publicar":0,"__model__":"Autor","tipoautor":9,"legislativo":0,"observacoes":null,"usarapelido":0},"resultado":{},"sequencia":2,"vinculopai":{},"complemento":"OF\u00cdCIO N\u00ba029/2018-GP, endere\u00e7ado ao Secret\u00e1rio Municipal de Finan\u00e7as e Of\u00edcio n\u00ba 031/2018-GP, endere\u00e7ado ao Sr. Prefeito.","destinatario":{"id":9,"nome":"Poder Executivo","ativo":1,"versao":1,"apelido":"Poder Executivo","publicar":0,"__model__":"Autor","tipoautor":9,"legislativo":0,"observacoes":null,"usarapelido":0},"respostadata":null,"documentovinculado":{},"respostaobservacoes":"","remetenteusarapelido":0,"destinatariousarapelido":0,"respostadocumentovinculado":{}}}},"timestamp":"2018-04-25T23:00:00-04:00","data_tramitacao":"2018-04-26","data_encaminhamento":"2018-04-26","urgente":false,"turno":"","texto":"Complemento: OF\u00cdCIO N\u00ba029/2018-GP, endere\u00e7ado ao Secret\u00e1rio Municipal de Finan\u00e7as e Of\u00edcio n\u00ba 031/2018-GP, endere\u00e7ado ao Sr. Prefeito.","data_fim_prazo":null,"ip":"","ultima_edicao":null,"status":41,"materia":14827,"unidade_tramitacao_local":8,"unidade_tramitacao_destino":9,"user":null}