{"id":8717,"__str__":"Requerimento n\u00ba 97 de 2018 | Encaminhamento de Expediente | 19/09/2018","link_detail_backend":"/materia/tramitacao/8717","metadata":{"old_system":{"value":{"id":8717,"versao":0,"objetivo":{},"publicar":1,"__model__":"Tramitacao","dataenvio":"2018-09-19T00:00:00Z","dataprazo":null,"documento":{"id":15379,"ano":2018,"data":"2018-08-23T00:00:00Z","flag1":null,"valor":null,"numero":97,"quorum":null,"regime":6,"versao":0,"assunto":"Requerem ao Sr. Prefeito, ouvido o soberano Plen\u00e1rio,  o encaminhamento a esta Casa de Leis da rela\u00e7\u00e3o de professores que atualmente est\u00e3o lotados em outras Secretarias Municipais, constando o cargo ocupado, data de admiss\u00e3o e vencimentos.","subtipo":null,"votacao":null,"publicar":1,"situacao":259,"__model__":"Documento","descricao":"Requerimento N\u00ba 97/2018","discussao":null,"anoprocesso":null,"complemento":null,"observacoes":"","anoadicional":null,"dataadicional":null,"identificacao":null,"tipodocumento":134,"numeroprocesso":null,"numeroadicional":null,"descricaocompleta":"Requerimento N\u00ba 97/2018","complementoprocesso":null,"complementoadicional":null},"remetente":{"id":8,"nome":"Presid\u00eancia","ativo":1,"versao":1,"apelido":"Presid\u00eancia","publicar":0,"__model__":"Autor","tipoautor":9,"legislativo":0,"observacoes":null,"usarapelido":0},"resultado":{},"sequencia":3,"vinculopai":{},"complemento":"Solicita complemento de informa\u00e7\u00f5es, a pedido dos autores (Of\u00edcio n\u00ba066/2018-GP)","destinatario":{"id":9,"nome":"Poder Executivo","ativo":1,"versao":1,"apelido":"Poder Executivo","publicar":0,"__model__":"Autor","tipoautor":9,"legislativo":0,"observacoes":null,"usarapelido":0},"respostadata":"2018-10-09T00:00:00Z","documentovinculado":{},"respostaobservacoes":"Of\u00edcio n\u00ba453/2018","remetenteusarapelido":0,"destinatariousarapelido":0,"respostadocumentovinculado":{}}}},"timestamp":"2018-09-18T23:00:00-04:00","data_tramitacao":"2018-09-19","data_encaminhamento":"2018-09-19","urgente":false,"turno":"","texto":"Complemento: Solicita complemento de informa\u00e7\u00f5es, a pedido dos autores (Of\u00edcio n\u00ba066/2018-GP)\nData da Resposta: 09/10/2018\nResposta Observa\u00e7\u00f5es: Of\u00edcio n\u00ba453/2018","data_fim_prazo":null,"ip":"","ultima_edicao":null,"status":41,"materia":15379,"unidade_tramitacao_local":8,"unidade_tramitacao_destino":9,"user":null}