{"id":8746,"__str__":"Mo\u00e7\u00e3o Aplauso n\u00ba 18 de 2018 | Encaminhamento de Expediente | 25/09/2018","link_detail_backend":"/materia/tramitacao/8746","metadata":{"old_system":{"value":{"id":8746,"versao":0,"objetivo":{},"publicar":1,"__model__":"Tramitacao","dataenvio":"2018-09-25T00:00:00Z","dataprazo":"2018-10-05T00:00:00Z","documento":{"id":15562,"ano":2018,"data":"2018-09-20T00:00:00Z","flag1":null,"valor":null,"numero":18,"quorum":null,"regime":6,"versao":0,"assunto":"MO\u00c7\u00c3O DE APLAUSOS N\u00ba 046/2018, dirigida aos atletas e comiss\u00e3o t\u00e9cnica que representaram o Munic\u00edpio e o Estado de Mato Grosso no 25\u00b0 CAMPEONATO BRASILEIRO DE KARAT\u00ca INTERESTILOS E OPEN INTERNACIONAL WUKF 2018, onde participaram mais de 1.700 atletas, de 6 pa\u00edses, considerado um dos maiores eventos do Karat\u00ea nacional.","subtipo":426,"votacao":null,"publicar":1,"situacao":16,"__model__":"Documento","descricao":"Mo\u00e7\u00e3o N\u00ba 18/2018","discussao":null,"anoprocesso":null,"complemento":null,"observacoes":"","anoadicional":null,"dataadicional":null,"identificacao":null,"tipodocumento":136,"numeroprocesso":null,"numeroadicional":null,"descricaocompleta":"Mo\u00e7\u00e3o N\u00ba 18/2018","complementoprocesso":null,"complementoadicional":null},"remetente":{"id":6,"nome":"Secretaria","ativo":1,"versao":1,"apelido":"Secretaria","publicar":0,"__model__":"Autor","tipoautor":9,"legislativo":0,"observacoes":null,"usarapelido":0},"resultado":{},"sequencia":2,"vinculopai":{},"complemento":"","destinatario":{"id":43,"nome":"COMISS\u00c3O DE LEGISLA\u00c7\u00c3O, JUSTI\u00c7A E REDA\u00c7\u00c3O FINAL","ativo":0,"versao":1,"apelido":"CLJRF 2014","publicar":1,"__model__":"Autor","tipoautor":5,"legislativo":1,"observacoes":"","usarapelido":0},"respostadata":"2018-09-28T00:00:00Z","documentovinculado":{},"respostaobservacoes":"Parecer favor\u00e1vel","remetenteusarapelido":0,"destinatariousarapelido":0,"respostadocumentovinculado":{}}}},"timestamp":"2018-09-24T23:00:00-04:00","data_tramitacao":"2018-09-25","data_encaminhamento":"2018-09-25","urgente":false,"turno":"","texto":"Data da Resposta: 28/09/2018\nResposta Observa\u00e7\u00f5es: Parecer favor\u00e1vel","data_fim_prazo":"2018-10-05","ip":"","ultima_edicao":null,"status":41,"materia":15562,"unidade_tramitacao_local":6,"unidade_tramitacao_destino":698,"user":null}