{"id":8780,"__str__":"Mo\u00e7\u00e3o Aplauso n\u00ba 17 de 2018 | Encaminhamento de Expediente | 27/09/2018","link_detail_backend":"/materia/tramitacao/8780","metadata":{"old_system":{"value":{"id":8780,"versao":0,"objetivo":{},"publicar":1,"__model__":"Tramitacao","dataenvio":"2018-09-27T00:00:00Z","dataprazo":null,"documento":{"id":15553,"ano":2018,"data":"2018-09-20T00:00:00Z","flag1":null,"valor":null,"numero":17,"quorum":null,"regime":6,"versao":0,"assunto":"MO\u00c7\u00c3O DE APLAUSOS N\u00ba 045/2018, dirigida aos integrantes da diretoria da Associa\u00e7\u00e3o ANTIGO AUTO CLUBE DE CAMPO NOVO DO PARECIS, pela realiza\u00e7\u00e3o do 1\u00ba Encontro Estadual de Ve\u00edculos Antigos.","subtipo":426,"votacao":null,"publicar":1,"situacao":16,"__model__":"Documento","descricao":"Mo\u00e7\u00e3o N\u00ba 17/2018","discussao":null,"anoprocesso":null,"complemento":null,"observacoes":"","anoadicional":null,"dataadicional":null,"identificacao":null,"tipodocumento":136,"numeroprocesso":null,"numeroadicional":null,"descricaocompleta":"Mo\u00e7\u00e3o N\u00ba 17/2018","complementoprocesso":null,"complementoadicional":null},"remetente":{"id":8,"nome":"Presid\u00eancia","ativo":1,"versao":1,"apelido":"Presid\u00eancia","publicar":0,"__model__":"Autor","tipoautor":9,"legislativo":0,"observacoes":null,"usarapelido":0},"resultado":{},"sequencia":3,"vinculopai":{},"complemento":"Inclusa na pauta da ordem do dia da sess\u00e3o ordin\u00e1ria 01.10.2018.","destinatario":{"id":10,"nome":"Plen\u00e1rio","ativo":1,"versao":1,"apelido":"Plen\u00e1rio","publicar":0,"__model__":"Autor","tipoautor":9,"legislativo":0,"observacoes":null,"usarapelido":0},"respostadata":"2018-10-01T00:00:00Z","documentovinculado":{},"respostaobservacoes":"Aprovada em discuss\u00e3o \u00fanica, ser\u00e1 encaminhada a quem de direito.","remetenteusarapelido":0,"destinatariousarapelido":0,"respostadocumentovinculado":{}}}},"timestamp":"2018-09-26T23:00:00-04:00","data_tramitacao":"2018-09-27","data_encaminhamento":"2018-09-27","urgente":false,"turno":"","texto":"Complemento: Inclusa na pauta da ordem do dia da sess\u00e3o ordin\u00e1ria 01.10.2018.\nData da Resposta: 01/10/2018\nResposta Observa\u00e7\u00f5es: Aprovada em discuss\u00e3o \u00fanica, ser\u00e1 encaminhada a quem de direito.","data_fim_prazo":null,"ip":"","ultima_edicao":null,"status":41,"materia":15553,"unidade_tramitacao_local":8,"unidade_tramitacao_destino":10,"user":null}