{"id":8797,"__str__":"Requerimento n\u00ba 104 de 2018 | Encaminhamento de Expediente | 03/10/2018","link_detail_backend":"/materia/tramitacao/8797","metadata":{"old_system":{"value":{"id":8797,"versao":0,"objetivo":{},"publicar":1,"__model__":"Tramitacao","dataenvio":"2018-10-03T00:00:00Z","dataprazo":"2018-10-18T00:00:00Z","documento":{"id":15612,"ano":2018,"data":"2018-09-27T00:00:00Z","flag1":null,"valor":null,"numero":104,"quorum":null,"regime":6,"versao":0,"assunto":"Requerem ao Sr. Prefeito, ouvido o soberano Plen\u00e1rio, o encaminhamento a esta Casa de Leis, por interm\u00e9dio do Departamento de Habita\u00e7\u00e3o, da rela\u00e7\u00e3o completa das pessoas contempladas no Residencial Parecis, atrav\u00e9s do Programa \"Minha Casa Minha Vida\".","subtipo":null,"votacao":null,"publicar":1,"situacao":259,"__model__":"Documento","descricao":"Requerimento N\u00ba 104/2018","discussao":null,"anoprocesso":null,"complemento":null,"observacoes":"","anoadicional":null,"dataadicional":null,"identificacao":null,"tipodocumento":134,"numeroprocesso":null,"numeroadicional":null,"descricaocompleta":"Requerimento N\u00ba 104/2018","complementoprocesso":null,"complementoadicional":null},"remetente":{"id":8,"nome":"Presid\u00eancia","ativo":1,"versao":1,"apelido":"Presid\u00eancia","publicar":0,"__model__":"Autor","tipoautor":9,"legislativo":0,"observacoes":null,"usarapelido":0},"resultado":{},"sequencia":2,"vinculopai":{},"complemento":"Of\u00edcio n\u00ba076/2018-GP","destinatario":{"id":9,"nome":"Poder Executivo","ativo":1,"versao":1,"apelido":"Poder Executivo","publicar":0,"__model__":"Autor","tipoautor":9,"legislativo":0,"observacoes":null,"usarapelido":0},"respostadata":"2018-10-09T00:00:00Z","documentovinculado":{},"respostaobservacoes":"Of\u00edcio n\u00ba 231/SEMAS","remetenteusarapelido":0,"destinatariousarapelido":0,"respostadocumentovinculado":{}}}},"timestamp":"2018-10-02T23:00:00-04:00","data_tramitacao":"2018-10-03","data_encaminhamento":"2018-10-03","urgente":false,"turno":"","texto":"Complemento: Of\u00edcio n\u00ba076/2018-GP\nData da Resposta: 09/10/2018\nResposta Observa\u00e7\u00f5es: Of\u00edcio n\u00ba 231/SEMAS","data_fim_prazo":"2018-10-18","ip":"","ultima_edicao":null,"status":41,"materia":15612,"unidade_tramitacao_local":8,"unidade_tramitacao_destino":9,"user":null}