{"id":9089,"__str__":"Mo\u00e7\u00e3o Aplauso n\u00ba 26 de 2018 | Encaminhamento de Expediente | 03/12/2018","link_detail_backend":"/materia/tramitacao/9089","metadata":{"old_system":{"value":{"id":9089,"versao":0,"objetivo":{},"publicar":1,"__model__":"Tramitacao","dataenvio":"2018-12-03T00:00:00Z","dataprazo":null,"documento":{"id":16037,"ano":2018,"data":"2018-12-03T00:00:00Z","flag1":null,"valor":null,"numero":26,"quorum":null,"regime":6,"versao":0,"assunto":"MO\u00c7\u00c3O DE APLAUSOS N\u00ba 054/2018, dirigida \u00e0 Associa\u00e7\u00e3o dos Servidores Penitenci\u00e1rios de Campo Novo do Parecis/MT, pela realiza\u00e7\u00e3o da formatura da segunda turma do Projeto AGEM em 2 de dezembro \u00faltimo.","subtipo":426,"votacao":null,"publicar":1,"situacao":16,"__model__":"Documento","descricao":"Mo\u00e7\u00e3o N\u00ba 26/2018","discussao":null,"anoprocesso":null,"complemento":null,"observacoes":"","anoadicional":null,"dataadicional":null,"identificacao":null,"tipodocumento":136,"numeroprocesso":null,"numeroadicional":null,"descricaocompleta":"Mo\u00e7\u00e3o N\u00ba 26/2018","complementoprocesso":null,"complementoadicional":null},"remetente":{"id":30,"nome":"MILTON SOARES","ativo":0,"versao":2,"apelido":"MILTON SOARES","publicar":0,"__model__":"Autor","tipoautor":3,"legislativo":1,"observacoes":"1. Eleito com 801 votos pela Coliga\u00e7\u00e3o Frente Republicana Democr\u00e1tica (PMDB/PR), pelo PR, no pleito de 07.10.2012. Empossado em 01.10.2013.\r\n\r\n2. Reeleito com 462 votos pela Coliga\u00e7\u00e3o  Frente Social Democr\u00e1tica Progressista Crist\u00e3 (PP/DEM/PSB/PSC), pelo PSB, no pleito de 02.10.2016. Diplomado em 12.12.2016. Empossado em 01.01.2017.","usarapelido":0},"resultado":{},"sequencia":1,"vinculopai":{},"complemento":"Inclusa na pauta da sess\u00e3o ordin\u00e1ria de 10.12.2018","destinatario":{"id":8,"nome":"Presid\u00eancia","ativo":1,"versao":1,"apelido":"Presid\u00eancia","publicar":0,"__model__":"Autor","tipoautor":9,"legislativo":0,"observacoes":null,"usarapelido":0},"respostadata":"2018-12-10T00:00:00Z","documentovinculado":{},"respostaobservacoes":"Lida no expediente, distribu\u00edda \u00e0 CLJRF para parecer","remetenteusarapelido":0,"destinatariousarapelido":0,"respostadocumentovinculado":{}}}},"timestamp":"2018-12-02T23:00:00-03:00","data_tramitacao":"2018-12-03","data_encaminhamento":"2018-12-03","urgente":false,"turno":"","texto":"Complemento: Inclusa na pauta da sess\u00e3o ordin\u00e1ria de 10.12.2018\nData da Resposta: 10/12/2018\nResposta Observa\u00e7\u00f5es: Lida no expediente, distribu\u00edda \u00e0 CLJRF para parecer","data_fim_prazo":null,"ip":"","ultima_edicao":null,"status":41,"materia":16037,"unidade_tramitacao_local":30,"unidade_tramitacao_destino":8,"user":null}