{"id":9145,"__str__":"Indica\u00e7\u00e3o n\u00ba 242 de 2018 | Encaminhamento de Expediente | 28/11/2018","link_detail_backend":"/materia/tramitacao/9145","metadata":{"old_system":{"value":{"id":9145,"versao":0,"objetivo":{},"publicar":1,"__model__":"Tramitacao","dataenvio":"2018-11-28T00:00:00Z","dataprazo":null,"documento":{"id":15967,"ano":2018,"data":"2018-11-28T00:00:00Z","flag1":null,"valor":null,"numero":242,"quorum":null,"regime":6,"versao":0,"assunto":"Indicam ao Poder Executivo a a necessidade de se fazer gest\u00e3o junto aos \u00f3rg\u00e3os competentes para instalar placas de sinaliza\u00e7\u00e3o demarcando o limite geogr\u00e1fico dos munic\u00edpios que fazem divisa com Campo Novo do Parecis.","subtipo":null,"votacao":null,"publicar":1,"situacao":16,"__model__":"Documento","descricao":"Indica\u00e7\u00e3o N\u00ba 242/2018","discussao":null,"anoprocesso":null,"complemento":null,"observacoes":"","anoadicional":null,"dataadicional":null,"identificacao":null,"tipodocumento":135,"numeroprocesso":null,"numeroadicional":null,"descricaocompleta":"Indica\u00e7\u00e3o N\u00ba 242/2018","complementoprocesso":null,"complementoadicional":null},"remetente":{"id":403,"nome":"WAGNER TAVARES DA CUNHA","ativo":0,"versao":0,"apelido":"WAGNER","publicar":0,"__model__":"Autor","tipoautor":3,"legislativo":1,"observacoes":"1. Eleito com 510 votos pela Coliga\u00e7\u00e3o O Futuro Se Levanta 2, no pleito de 02.10.2016, pelo PV. Empossado em 01.01.2017.\r\n\r\n2. Presidente da C\u00e2mara nos anu\u00eanios 2017 e 2019.","usarapelido":0},"resultado":{},"sequencia":1,"vinculopai":{},"complemento":"Incluso na pauta da sess\u00e3o ordin\u00e1ria 04.02.2019","destinatario":{"id":8,"nome":"Presid\u00eancia","ativo":1,"versao":1,"apelido":"Presid\u00eancia","publicar":0,"__model__":"Autor","tipoautor":9,"legislativo":0,"observacoes":null,"usarapelido":0},"respostadata":"2019-02-04T00:00:00Z","documentovinculado":{},"respostaobservacoes":"Lida e aprovada no expediente","remetenteusarapelido":0,"destinatariousarapelido":0,"respostadocumentovinculado":{}}}},"timestamp":"2018-11-27T23:00:00-03:00","data_tramitacao":"2018-11-28","data_encaminhamento":"2018-11-28","urgente":false,"turno":"","texto":"Complemento: Incluso na pauta da sess\u00e3o ordin\u00e1ria 04.02.2019\nData da Resposta: 04/02/2019\nResposta Observa\u00e7\u00f5es: Lida e aprovada no expediente","data_fim_prazo":null,"ip":"","ultima_edicao":null,"status":41,"materia":15967,"unidade_tramitacao_local":403,"unidade_tramitacao_destino":8,"user":null}