{"id":915,"__str__":"Indica\u00e7\u00e3o n\u00ba 241 de 2009 | Encaminhamento de Expediente | 09/10/2009","link_detail_backend":"/materia/tramitacao/915","metadata":{"old_system":{"value":{"id":915,"versao":1,"objetivo":{},"publicar":1,"__model__":"Tramitacao","dataenvio":"2009-10-09T00:00:00Z","dataprazo":"2009-10-24T00:00:00Z","documento":{"id":4302,"ano":2009,"data":"2009-10-01T00:00:00Z","flag1":null,"valor":null,"numero":241,"quorum":null,"regime":6,"versao":1,"assunto":"INDICAM A NECESSIDADE DE O PODER EXECUTIVO ATUAR JUNTO AOS \u00d3RG\u00c3OS COMPETENTES VISANDO A REGULARIZA\u00c7\u00c3O DA \u00c1REA SITUADA NO BAIRRO JARDIM PRIMAVERA, ENTRE A AVENIDA OLACYR FRANCISCO DE MORAES E A AVENIDA MARECHAL RONDON.","subtipo":null,"votacao":null,"publicar":1,"situacao":259,"__model__":"Documento","descricao":"Indica\u00e7\u00e3o N\u00ba 241/2009","discussao":null,"anoprocesso":null,"complemento":null,"observacoes":null,"anoadicional":null,"dataadicional":null,"identificacao":null,"tipodocumento":135,"numeroprocesso":null,"numeroadicional":null,"descricaocompleta":"Indica\u00e7\u00e3o N\u00ba 241/2009","complementoprocesso":null,"complementoadicional":null},"remetente":{"id":198,"nome":"PODER EXECUTIVO MUNICIPAL","ativo":0,"versao":1,"apelido":"PODER EXECUTIVO MUNICIPAL","publicar":0,"__model__":"Autor","tipoautor":0,"legislativo":0,"observacoes":null,"usarapelido":0},"resultado":{},"sequencia":1,"vinculopai":{},"complemento":"PODER EXECUTIVO MUNICIPAL","destinatario":{"id":198,"nome":"PODER EXECUTIVO MUNICIPAL","ativo":0,"versao":1,"apelido":"PODER EXECUTIVO MUNICIPAL","publicar":0,"__model__":"Autor","tipoautor":0,"legislativo":0,"observacoes":null,"usarapelido":0},"respostadata":"2009-11-03T00:00:00Z","documentovinculado":{},"respostaobservacoes":"OF\u00cdCIO N\u00ba 469/2009","remetenteusarapelido":1,"destinatariousarapelido":1,"respostadocumentovinculado":{}}}},"timestamp":"2009-10-08T23:00:00-04:00","data_tramitacao":"2009-10-09","data_encaminhamento":"2009-10-09","urgente":false,"turno":"","texto":"Complemento: PODER EXECUTIVO MUNICIPAL\nData da Resposta: 03/11/2009\nResposta Observa\u00e7\u00f5es: OF\u00cdCIO N\u00ba 469/2009","data_fim_prazo":"2009-10-24","ip":"","ultima_edicao":null,"status":41,"materia":4302,"unidade_tramitacao_local":9,"unidade_tramitacao_destino":9,"user":null}