{"id":9203,"__str__":"Requerimento n\u00ba 117 de 2019 | Encaminhamento de Expediente | 12/02/2019","link_detail_backend":"/materia/tramitacao/9203","metadata":{"old_system":{"value":{"id":9203,"versao":0,"objetivo":{},"publicar":1,"__model__":"Tramitacao","dataenvio":"2019-02-12T00:00:00Z","dataprazo":"2019-02-27T00:00:00Z","documento":{"id":16252,"ano":2019,"data":"2019-02-07T00:00:00Z","flag1":null,"valor":null,"numero":117,"quorum":null,"regime":6,"versao":0,"assunto":"Requerem ao Sr. Prefeito, ouvido o soberano Plen\u00e1rio, com base no art. 23, XIII, da Lei Org\u00e2nica Municipal, o encaminhamento a esta Casa de Leis das informa\u00e7\u00f5es abaixo descritas, com rela\u00e7\u00e3o aos seguintes empreendimentos: aterro sanit\u00e1rio e rede de drenagem de \u00e1guas pluviais localizada na Rua Sucupira.","subtipo":null,"votacao":null,"publicar":1,"situacao":259,"__model__":"Documento","descricao":"Requerimento N\u00ba 117/2019","discussao":null,"anoprocesso":null,"complemento":null,"observacoes":"","anoadicional":null,"dataadicional":null,"identificacao":null,"tipodocumento":134,"numeroprocesso":null,"numeroadicional":null,"descricaocompleta":"Requerimento N\u00ba 117/2019","complementoprocesso":null,"complementoadicional":null},"remetente":{"id":8,"nome":"Presid\u00eancia","ativo":1,"versao":1,"apelido":"Presid\u00eancia","publicar":0,"__model__":"Autor","tipoautor":9,"legislativo":0,"observacoes":null,"usarapelido":0},"resultado":{},"sequencia":2,"vinculopai":{},"complemento":"OF\u00cdCIO N\u00ba006/2019-GP","destinatario":{"id":9,"nome":"Poder Executivo","ativo":1,"versao":1,"apelido":"Poder Executivo","publicar":0,"__model__":"Autor","tipoautor":9,"legislativo":0,"observacoes":null,"usarapelido":0},"respostadata":"2019-03-14T00:00:00Z","documentovinculado":{},"respostaobservacoes":"OF\u00cdCIO N\u00ba 110/2019/GAB","remetenteusarapelido":0,"destinatariousarapelido":0,"respostadocumentovinculado":{}}}},"timestamp":"2019-02-11T23:00:00-03:00","data_tramitacao":"2019-02-12","data_encaminhamento":"2019-02-12","urgente":false,"turno":"","texto":"Complemento: OF\u00cdCIO N\u00ba006/2019-GP\nData da Resposta: 14/03/2019\nResposta Observa\u00e7\u00f5es: OF\u00cdCIO N\u00ba 110/2019/GAB","data_fim_prazo":"2019-02-27","ip":"","ultima_edicao":null,"status":41,"materia":16252,"unidade_tramitacao_local":8,"unidade_tramitacao_destino":9,"user":null}