{"id":9258,"__str__":"Projeto de Resolu\u00e7\u00e3o Vereador n\u00ba 5 de 2018 | Encaminhamento de Expediente | 25/02/2019","link_detail_backend":"/materia/tramitacao/9258","metadata":{"old_system":{"value":{"id":9258,"versao":0,"objetivo":{},"publicar":1,"__model__":"Tramitacao","dataenvio":"2019-02-25T00:00:00Z","dataprazo":null,"documento":{"id":15787,"ano":2018,"data":"2018-11-01T00:00:00Z","flag1":null,"valor":null,"numero":5,"quorum":27,"regime":6,"versao":0,"assunto":"Altera dispositivo da Resolu\u00e7\u00e3o n\u00b0 17/2015 que estabelece o uso de uniforme pelos servidores da C\u00e2mara Municipal de Campo Novo do Parecis, autoriza a aquisi\u00e7\u00e3o dos mesmos, estabelece o processo de advert\u00eancia, e d\u00e1 outras provid\u00eancias.","subtipo":219,"votacao":null,"publicar":1,"situacao":328,"__model__":"Documento","descricao":"Projeto de Resolu\u00e7\u00e3o N\u00ba 5/2018","discussao":null,"anoprocesso":null,"complemento":null,"observacoes":"","anoadicional":null,"dataadicional":null,"identificacao":null,"tipodocumento":132,"numeroprocesso":null,"numeroadicional":null,"descricaocompleta":"Projeto de Resolu\u00e7\u00e3o N\u00ba 5/2018","complementoprocesso":null,"complementoadicional":null},"remetente":{"id":32,"nome":"VANDERLEI MARCOS PULGA BAIOTO","ativo":1,"versao":2,"apelido":"BAIOTO","publicar":1,"__model__":"Autor","tipoautor":3,"legislativo":1,"observacoes":"1. Eleito com 691 votos pela Coliga\u00e7\u00e3o Frente Republicana Democr\u00e1tica (PMDB/PR), pelo PMDB, no pleito de 07.10.2012. Empossado em 01.10.2013.\r\n\r\n2. Reeleito com 803 votos pela Coliga\u00e7\u00e3o  A For\u00e7a da Nossa Gente, no pleito de 02.10.2016, pelo PMDB. Diplomado em 12.12.2016. Empossado em 01.01.2017.\r\n\r\n3. Reeleito com 661 votos pelo Partido MDB - Partido Movimento Democr\u00e1tico Brasileiro, no pleito de 15.11.2020. Diplomado em 16.12.2020. Empossado em 01.01.2021.","usarapelido":0},"resultado":{},"sequencia":5,"vinculopai":{},"complemento":"Requerimento de retirada.","destinatario":{"id":10,"nome":"Plen\u00e1rio","ativo":1,"versao":1,"apelido":"Plen\u00e1rio","publicar":0,"__model__":"Autor","tipoautor":9,"legislativo":0,"observacoes":null,"usarapelido":0},"respostadata":"2019-02-25T00:00:00Z","documentovinculado":{},"respostaobservacoes":"Deferido pelo Plen\u00e1rio, nos termos do art. 132 do RI, ser\u00e1 arquivado.","remetenteusarapelido":0,"destinatariousarapelido":0,"respostadocumentovinculado":{}}}},"timestamp":"2019-02-24T23:00:00-04:00","data_tramitacao":"2019-02-25","data_encaminhamento":"2019-02-25","urgente":false,"turno":"","texto":"Complemento: Requerimento de retirada.\nData da Resposta: 25/02/2019\nResposta Observa\u00e7\u00f5es: Deferido pelo Plen\u00e1rio, nos termos do art. 132 do RI, ser\u00e1 arquivado.","data_fim_prazo":null,"ip":"","ultima_edicao":null,"status":41,"materia":15787,"unidade_tramitacao_local":32,"unidade_tramitacao_destino":10,"user":null}