{"id":9278,"__str__":"Indica\u00e7\u00e3o n\u00ba 263 de 2019 | Encaminhamento de Expediente | 07/03/2019","link_detail_backend":"/materia/tramitacao/9278","metadata":{"old_system":{"value":{"id":9278,"versao":0,"objetivo":{},"publicar":1,"__model__":"Tramitacao","dataenvio":"2019-03-07T00:00:00Z","dataprazo":"2019-03-22T00:00:00Z","documento":{"id":16358,"ano":2019,"data":"2019-03-01T00:00:00Z","flag1":null,"valor":null,"numero":263,"quorum":null,"regime":6,"versao":0,"assunto":"Indicam ao Poder Executivo a realiza\u00e7\u00e3o de estudo para avaliar a possibilidade de aumentar o parcelamento do Programa Municipal de Pavimenta\u00e7\u00e3o Comunit\u00e1ria.","subtipo":null,"votacao":null,"publicar":1,"situacao":16,"__model__":"Documento","descricao":"Indica\u00e7\u00e3o N\u00ba 263/2019","discussao":null,"anoprocesso":null,"complemento":null,"observacoes":"","anoadicional":null,"dataadicional":null,"identificacao":null,"tipodocumento":135,"numeroprocesso":null,"numeroadicional":null,"descricaocompleta":"Indica\u00e7\u00e3o N\u00ba 263/2019","complementoprocesso":null,"complementoadicional":null},"remetente":{"id":8,"nome":"Presid\u00eancia","ativo":1,"versao":1,"apelido":"Presid\u00eancia","publicar":0,"__model__":"Autor","tipoautor":9,"legislativo":0,"observacoes":null,"usarapelido":0},"resultado":{},"sequencia":2,"vinculopai":{},"complemento":"OF\u00cdCIO N\u00ba 013/2019-GP","destinatario":{"id":9,"nome":"Poder Executivo","ativo":1,"versao":1,"apelido":"Poder Executivo","publicar":0,"__model__":"Autor","tipoautor":9,"legislativo":0,"observacoes":null,"usarapelido":0},"respostadata":"2019-03-19T00:00:00Z","documentovinculado":{},"respostaobservacoes":"OF\u00cdCIO N\u00ba119/2019/GAB","remetenteusarapelido":0,"destinatariousarapelido":0,"respostadocumentovinculado":{}}}},"timestamp":"2019-03-06T23:00:00-04:00","data_tramitacao":"2019-03-07","data_encaminhamento":"2019-03-07","urgente":false,"turno":"","texto":"Complemento: OF\u00cdCIO N\u00ba 013/2019-GP\nData da Resposta: 19/03/2019\nResposta Observa\u00e7\u00f5es: OF\u00cdCIO N\u00ba119/2019/GAB","data_fim_prazo":"2019-03-22","ip":"","ultima_edicao":null,"status":41,"materia":16358,"unidade_tramitacao_local":8,"unidade_tramitacao_destino":9,"user":null}