{"id":9311,"__str__":"Requerimento n\u00ba 118 de 2019 | Encaminhamento de Expediente | 21/02/2019","link_detail_backend":"/materia/tramitacao/9311","metadata":{"old_system":{"value":{"id":9311,"versao":0,"objetivo":{},"publicar":1,"__model__":"Tramitacao","dataenvio":"2019-02-21T00:00:00Z","dataprazo":null,"documento":{"id":16288,"ano":2019,"data":"2019-02-21T00:00:00Z","flag1":null,"valor":null,"numero":118,"quorum":null,"regime":6,"versao":0,"assunto":"Requerem, ouvido o Soberano Plen\u00e1rio, ao Sr. Prefeito Municipal, se h\u00e1 informa\u00e7\u00f5es referente a indica\u00e7\u00e3o de n\u00ba 138/2017 que visa a implanta\u00e7\u00e3o de sem\u00e1foro em pontos espec\u00edficos na Avenida Brasil.","subtipo":null,"votacao":null,"publicar":1,"situacao":259,"__model__":"Documento","descricao":"Requerimento N\u00ba 118/2019","discussao":null,"anoprocesso":null,"complemento":null,"observacoes":"'","anoadicional":null,"dataadicional":null,"identificacao":null,"tipodocumento":134,"numeroprocesso":null,"numeroadicional":null,"descricaocompleta":"Requerimento N\u00ba 118/2019","complementoprocesso":null,"complementoadicional":null},"remetente":{"id":404,"nome":"CICERO DOS SANTOS SILVA","ativo":0,"versao":0,"apelido":"CICERO","publicar":0,"__model__":"Autor","tipoautor":3,"legislativo":1,"observacoes":"1. Eleito com 669 votos pela Coliga\u00e7\u00e3o Por Amor a Nossa Terra 1, pelo PMB, no pleito de 02.10.2016. Empossado em 01.01.2017.","usarapelido":0},"resultado":{},"sequencia":1,"vinculopai":{},"complemento":"Incluso na pauta da sess\u00e3o ordin\u00e1ria 25.02.2019","destinatario":{"id":8,"nome":"Presid\u00eancia","ativo":1,"versao":1,"apelido":"Presid\u00eancia","publicar":0,"__model__":"Autor","tipoautor":9,"legislativo":0,"observacoes":null,"usarapelido":0},"respostadata":"2019-02-25T00:00:00Z","documentovinculado":{},"respostaobservacoes":"Lido e aprovado no expediente","remetenteusarapelido":0,"destinatariousarapelido":0,"respostadocumentovinculado":{}}}},"timestamp":"2019-02-20T23:00:00-04:00","data_tramitacao":"2019-02-21","data_encaminhamento":"2019-02-21","urgente":false,"turno":"","texto":"Complemento: Incluso na pauta da sess\u00e3o ordin\u00e1ria 25.02.2019\nData da Resposta: 25/02/2019\nResposta Observa\u00e7\u00f5es: Lido e aprovado no expediente","data_fim_prazo":null,"ip":"","ultima_edicao":null,"status":41,"materia":16288,"unidade_tramitacao_local":404,"unidade_tramitacao_destino":8,"user":null}