{"id":9396,"__str__":"Projeto de Lei Executivo n\u00ba 73 de 2018 | Encaminhamento de Expediente | 22/04/2019","link_detail_backend":"/materia/tramitacao/9396","metadata":{"old_system":{"value":{"id":9396,"versao":0,"objetivo":{},"publicar":1,"__model__":"Tramitacao","dataenvio":"2019-04-22T00:00:00Z","dataprazo":"2019-04-27T00:00:00Z","documento":{"id":15893,"ano":2018,"data":"2018-11-12T00:00:00Z","flag1":null,"valor":null,"numero":73,"quorum":27,"regime":6,"versao":0,"assunto":"Autoriza o Munic\u00edpio a permutar \u00e1rea de 145,32m\u00b2, do lote 7 da quadra 24, de propriedade do Munic\u00edpio de Campo Novo do Parecis, e d\u00e1 outras provid\u00eancias.","subtipo":209,"votacao":null,"publicar":1,"situacao":330,"__model__":"Documento","descricao":"Projeto de Lei N\u00ba 73/2018","discussao":null,"anoprocesso":null,"complemento":null,"observacoes":"","anoadicional":null,"dataadicional":null,"identificacao":null,"tipodocumento":129,"numeroprocesso":null,"numeroadicional":null,"descricaocompleta":"Projeto de Lei N\u00ba 73/2018","complementoprocesso":null,"complementoadicional":null},"remetente":{"id":6,"nome":"Secretaria","ativo":1,"versao":1,"apelido":"Secretaria","publicar":0,"__model__":"Autor","tipoautor":9,"legislativo":0,"observacoes":null,"usarapelido":0},"resultado":{},"sequencia":6,"vinculopai":{},"complemento":"","destinatario":{"id":380,"nome":"COMISS\u00c3O DE LEGISLA\u00c7\u00c3O, JUSTI\u00c7A E REDA\u00c7\u00c3O FINAL","ativo":1,"versao":1,"apelido":"COMISS\u00c3O DE LEGISLA\u00c7\u00c3O, JUSTI\u00c7A E REDA\u00c7\u00c3O FINAL","publicar":1,"__model__":"Autor","tipoautor":2,"legislativo":0,"observacoes":"","usarapelido":0},"respostadata":"2019-05-06T00:00:00Z","documentovinculado":{},"respostaobservacoes":"Parecer contr\u00e1rio.","remetenteusarapelido":0,"destinatariousarapelido":0,"respostadocumentovinculado":{}}}},"timestamp":"2019-04-21T23:00:00-04:00","data_tramitacao":"2019-04-22","data_encaminhamento":"2019-04-22","urgente":false,"turno":"","texto":"Data da Resposta: 06/05/2019\nResposta Observa\u00e7\u00f5es: Parecer contr\u00e1rio.","data_fim_prazo":"2019-04-27","ip":"","ultima_edicao":null,"status":41,"materia":15893,"unidade_tramitacao_local":6,"unidade_tramitacao_destino":698,"user":null}