{"id":9475,"__str__":"Requerimento n\u00ba 128 de 2019 | Encaminhamento de Expediente | 07/05/2019","link_detail_backend":"/materia/tramitacao/9475","metadata":{"old_system":{"value":{"id":9475,"versao":0,"objetivo":{},"publicar":1,"__model__":"Tramitacao","dataenvio":"2019-05-07T00:00:00Z","dataprazo":"2019-05-22T00:00:00Z","documento":{"id":16601,"ano":2019,"data":"2019-05-02T00:00:00Z","flag1":null,"valor":null,"numero":128,"quorum":null,"regime":6,"versao":0,"assunto":"Requerem ao Sr. Prefeito, ouvido o soberano Plen\u00e1rio, com base no art. 23, XIII, da Lei Org\u00e2nica Municipal, o encaminhamento a esta Casa de Leis de informa\u00e7\u00f5es sobre a situa\u00e7\u00e3o dos lotes doados/alienados do Loteamento \u00c1rea Industrial (Pioneiros) e Polo Industrial Jos\u00e9 Diogo Dutra, devendo constar:  1) n\u00ba da quadra; 2) n\u00ba do lote; 3) metragem do lote; 4) raz\u00e3o social,  nome fantasia e CNPJ da empresa; 5) segmento; 6) especificar se \u00e9 doa\u00e7\u00e3o ou aliena\u00e7\u00e3o; 7) em caso de aliena\u00e7\u00e3o, informar a avalia\u00e7\u00e3o do im\u00f3vel, o valor de venda, forma de pagamento e situa\u00e7\u00e3o do pagamento; 8) c\u00f3pia do termo de doa\u00e7\u00e3o ou contrato; 9) informar se foram cumpridos os prazos para in\u00edcio do empreendimento e in\u00edcio do funcionamento da empresa; 10) relatar a situa\u00e7\u00e3o atual do empreendimento, informando, inclusive, o n\u00ba de empregos gerados; 11) relat\u00f3rio sobre os im\u00f3veis retomados ou transferidos a terceiros.","subtipo":null,"votacao":null,"publicar":1,"situacao":259,"__model__":"Documento","descricao":"Requerimento N\u00ba 128/2019","discussao":null,"anoprocesso":null,"complemento":null,"observacoes":"","anoadicional":null,"dataadicional":null,"identificacao":null,"tipodocumento":134,"numeroprocesso":null,"numeroadicional":null,"descricaocompleta":"Requerimento N\u00ba 128/2019","complementoprocesso":null,"complementoadicional":null},"remetente":{"id":8,"nome":"Presid\u00eancia","ativo":1,"versao":1,"apelido":"Presid\u00eancia","publicar":0,"__model__":"Autor","tipoautor":9,"legislativo":0,"observacoes":null,"usarapelido":0},"resultado":{},"sequencia":2,"vinculopai":{},"complemento":"OF\u00cdCIO N\u00ba034/2019-GP","destinatario":{"id":9,"nome":"Poder Executivo","ativo":1,"versao":1,"apelido":"Poder Executivo","publicar":0,"__model__":"Autor","tipoautor":9,"legislativo":0,"observacoes":null,"usarapelido":0},"respostadata":null,"documentovinculado":{},"respostaobservacoes":"","remetenteusarapelido":0,"destinatariousarapelido":0,"respostadocumentovinculado":{}}}},"timestamp":"2019-05-06T23:00:00-04:00","data_tramitacao":"2019-05-07","data_encaminhamento":"2019-05-07","urgente":false,"turno":"","texto":"Complemento: OF\u00cdCIO N\u00ba034/2019-GP","data_fim_prazo":"2019-05-22","ip":"","ultima_edicao":null,"status":41,"materia":16601,"unidade_tramitacao_local":8,"unidade_tramitacao_destino":9,"user":null}