{"id":9542,"__str__":"Indica\u00e7\u00e3o n\u00ba 280 de 2019 | Encaminhamento de Expediente | 21/05/2019","link_detail_backend":"/materia/tramitacao/9542","metadata":{"old_system":{"value":{"id":9542,"versao":0,"objetivo":{},"publicar":1,"__model__":"Tramitacao","dataenvio":"2019-05-21T00:00:00Z","dataprazo":null,"documento":{"id":16699,"ano":2019,"data":"2019-05-21T00:00:00Z","flag1":null,"valor":null,"numero":280,"quorum":null,"regime":6,"versao":0,"assunto":"Indica a necessidade de o Poder Executivo, atrav\u00e9s da Secretaria de Infraestrutura,instalar postes de ilumina\u00e7\u00e3o de led, na Avenida Cear\u00e1, no Jardim das Palmeiras, no canteiro central.","subtipo":null,"votacao":null,"publicar":1,"situacao":16,"__model__":"Documento","descricao":"Indica\u00e7\u00e3o N\u00ba 280/2019","discussao":null,"anoprocesso":null,"complemento":null,"observacoes":"","anoadicional":null,"dataadicional":null,"identificacao":null,"tipodocumento":135,"numeroprocesso":null,"numeroadicional":null,"descricaocompleta":"Indica\u00e7\u00e3o N\u00ba 280/2019","complementoprocesso":null,"complementoadicional":null},"remetente":{"id":28,"nome":"GILBERTO VIEIRA DE MELO","ativo":0,"versao":2,"apelido":"GILBERTO","publicar":0,"__model__":"Autor","tipoautor":3,"legislativo":1,"observacoes":"1. Eleito com 307 votos pela Coliga\u00e7\u00e3o Frente Democr\u00e1tica Republicana Crist\u00e3 (PRB/PSC/DEM), pelo PRB, no pleito de 07.10.2012. Empossado em 01.01.2013.\r\n\r\n2. Reeleito com 1.116 votos pela Coliga\u00e7\u00e3o Por Amor a Nossa Terra 01, pelo PMB, no pleito de 02.10.2016. Diplomado em 12.12.2016. Empossado em 01.01.2017.","usarapelido":0},"resultado":{},"sequencia":1,"vinculopai":{},"complemento":"Inclusa na pauta da sess\u00e3o ordin\u00e1ria 27.05.2019.","destinatario":{"id":8,"nome":"Presid\u00eancia","ativo":1,"versao":1,"apelido":"Presid\u00eancia","publicar":0,"__model__":"Autor","tipoautor":9,"legislativo":0,"observacoes":null,"usarapelido":0},"respostadata":"2019-05-27T00:00:00Z","documentovinculado":{},"respostaobservacoes":"Lida e aprovada no expediente","remetenteusarapelido":0,"destinatariousarapelido":0,"respostadocumentovinculado":{}}}},"timestamp":"2019-05-20T23:00:00-04:00","data_tramitacao":"2019-05-21","data_encaminhamento":"2019-05-21","urgente":false,"turno":"","texto":"Complemento: Inclusa na pauta da sess\u00e3o ordin\u00e1ria 27.05.2019.\nData da Resposta: 27/05/2019\nResposta Observa\u00e7\u00f5es: Lida e aprovada no expediente","data_fim_prazo":null,"ip":"","ultima_edicao":null,"status":41,"materia":16699,"unidade_tramitacao_local":28,"unidade_tramitacao_destino":8,"user":null}