{"id":9701,"__str__":"Requerimento n\u00ba 136 de 2019 | Encaminhamento de Expediente | 25/06/2019","link_detail_backend":"/materia/tramitacao/9701","metadata":{"old_system":{"value":{"id":9701,"versao":0,"objetivo":{},"publicar":1,"__model__":"Tramitacao","dataenvio":"2019-06-25T00:00:00Z","dataprazo":"2019-07-10T00:00:00Z","documento":{"id":16963,"ano":2019,"data":"2019-06-19T00:00:00Z","flag1":null,"valor":null,"numero":136,"quorum":null,"regime":6,"versao":0,"assunto":"Requerem ao Sr. Prefeito, ouvido o soberano Plen\u00e1rio, com fundamento no art. 23, XIII, da Lei Org\u00e2nica Municipal, que nos seja informado sobre as provid\u00eancias que a Administra\u00e7\u00e3o Municipal pretende tomar neste segundo semestre de 2019, a fim de normalizar a rede de ilumina\u00e7\u00e3o p\u00fablica da cidade, a qual encontra-se deficit\u00e1ria em diversos pontos, de todos os bairros, principalmente em fun\u00e7\u00e3o da falta de manuten\u00e7\u00e3o.","subtipo":null,"votacao":null,"publicar":1,"situacao":259,"__model__":"Documento","descricao":"Requerimento N\u00ba 136/2019","discussao":null,"anoprocesso":null,"complemento":null,"observacoes":"","anoadicional":null,"dataadicional":null,"identificacao":null,"tipodocumento":134,"numeroprocesso":null,"numeroadicional":null,"descricaocompleta":"Requerimento N\u00ba 136/2019","complementoprocesso":null,"complementoadicional":null},"remetente":{"id":8,"nome":"Presid\u00eancia","ativo":1,"versao":1,"apelido":"Presid\u00eancia","publicar":0,"__model__":"Autor","tipoautor":9,"legislativo":0,"observacoes":null,"usarapelido":0},"resultado":{},"sequencia":2,"vinculopai":{},"complemento":"OF\u00cdCIO N\u00ba049/2019-GP","destinatario":{"id":9,"nome":"Poder Executivo","ativo":1,"versao":1,"apelido":"Poder Executivo","publicar":0,"__model__":"Autor","tipoautor":9,"legislativo":0,"observacoes":null,"usarapelido":0},"respostadata":"2019-07-23T00:00:00Z","documentovinculado":{},"respostaobservacoes":"OF\u00cdCIO N\u00ba295/2019/GAB","remetenteusarapelido":0,"destinatariousarapelido":0,"respostadocumentovinculado":{}}}},"timestamp":"2019-06-24T23:00:00-04:00","data_tramitacao":"2019-06-25","data_encaminhamento":"2019-06-25","urgente":false,"turno":"","texto":"Complemento: OF\u00cdCIO N\u00ba049/2019-GP\nData da Resposta: 23/07/2019\nResposta Observa\u00e7\u00f5es: OF\u00cdCIO N\u00ba295/2019/GAB","data_fim_prazo":"2019-07-10","ip":"","ultima_edicao":null,"status":41,"materia":16963,"unidade_tramitacao_local":8,"unidade_tramitacao_destino":9,"user":null}