{"id":9799,"__str__":"Indica\u00e7\u00e3o n\u00ba 305 de 2019 | Encaminhamento de Expediente | 08/08/2019","link_detail_backend":"/materia/tramitacao/9799","metadata":{"old_system":{"value":{"id":9799,"versao":0,"objetivo":{},"publicar":1,"__model__":"Tramitacao","dataenvio":"2019-08-08T00:00:00Z","dataprazo":null,"documento":{"id":17163,"ano":2019,"data":"2019-08-08T00:00:00Z","flag1":null,"valor":null,"numero":305,"quorum":null,"regime":6,"versao":0,"assunto":"Indicam ao Poder Executivo que seja avaliada a utiliza\u00e7\u00e3o do terreno onde funcionava a \"Casa do Mel\" para implanta\u00e7\u00e3o do Lar do Idoso.","subtipo":null,"votacao":null,"publicar":1,"situacao":16,"__model__":"Documento","descricao":"Indica\u00e7\u00e3o N\u00ba 305/2019","discussao":null,"anoprocesso":null,"complemento":null,"observacoes":"","anoadicional":null,"dataadicional":null,"identificacao":null,"tipodocumento":135,"numeroprocesso":null,"numeroadicional":null,"descricaocompleta":"Indica\u00e7\u00e3o N\u00ba 305/2019","complementoprocesso":null,"complementoadicional":null},"remetente":{"id":30,"nome":"MILTON SOARES","ativo":0,"versao":2,"apelido":"MILTON SOARES","publicar":0,"__model__":"Autor","tipoautor":3,"legislativo":1,"observacoes":"1. Eleito com 801 votos pela Coliga\u00e7\u00e3o Frente Republicana Democr\u00e1tica (PMDB/PR), pelo PR, no pleito de 07.10.2012. Empossado em 01.10.2013.\r\n\r\n2. Reeleito com 462 votos pela Coliga\u00e7\u00e3o  Frente Social Democr\u00e1tica Progressista Crist\u00e3 (PP/DEM/PSB/PSC), pelo PSB, no pleito de 02.10.2016. Diplomado em 12.12.2016. Empossado em 01.01.2017.","usarapelido":0},"resultado":{},"sequencia":1,"vinculopai":{},"complemento":"Inclusa na pauta da sess\u00e3o ordin\u00e1ria de 12.08.2019","destinatario":{"id":8,"nome":"Presid\u00eancia","ativo":1,"versao":1,"apelido":"Presid\u00eancia","publicar":0,"__model__":"Autor","tipoautor":9,"legislativo":0,"observacoes":null,"usarapelido":0},"respostadata":"2019-08-12T00:00:00Z","documentovinculado":{},"respostaobservacoes":"Lida e aprovada no expediente","remetenteusarapelido":0,"destinatariousarapelido":0,"respostadocumentovinculado":{}}}},"timestamp":"2019-08-07T23:00:00-04:00","data_tramitacao":"2019-08-08","data_encaminhamento":"2019-08-08","urgente":false,"turno":"","texto":"Complemento: Inclusa na pauta da sess\u00e3o ordin\u00e1ria de 12.08.2019\nData da Resposta: 12/08/2019\nResposta Observa\u00e7\u00f5es: Lida e aprovada no expediente","data_fim_prazo":null,"ip":"","ultima_edicao":null,"status":41,"materia":17163,"unidade_tramitacao_local":30,"unidade_tramitacao_destino":8,"user":null}