{"id":9898,"__str__":"Requerimento n\u00ba 147 de 2019 | Encaminhamento de Expediente | 27/08/2019","link_detail_backend":"/materia/tramitacao/9898","metadata":{"old_system":{"value":{"id":9898,"versao":0,"objetivo":{},"publicar":1,"__model__":"Tramitacao","dataenvio":"2019-08-27T00:00:00Z","dataprazo":null,"documento":{"id":17300,"ano":2019,"data":"2019-08-27T00:00:00Z","flag1":null,"valor":null,"numero":147,"quorum":null,"regime":6,"versao":0,"assunto":"Requerem ao Sr. Prefeito, ouvido o soberano Plen\u00e1rio, com fundamento no art. 23, XIII, da Lei Org\u00e2nica Municipal, nos termos do art. 6\u00ba, X da Lei Federal n\u00ba8.666/93, o encaminhamento a esta Casa de Leis do projeto executivo do galp\u00e3o que ir\u00e1 abrigar a Feira Livre Municipal, com os devidos acertos/corre\u00e7\u00f5es/adequa\u00e7\u00f5es.","subtipo":null,"votacao":null,"publicar":1,"situacao":259,"__model__":"Documento","descricao":"Requerimento N\u00ba 147/2019","discussao":null,"anoprocesso":null,"complemento":null,"observacoes":"","anoadicional":null,"dataadicional":null,"identificacao":null,"tipodocumento":134,"numeroprocesso":null,"numeroadicional":null,"descricaocompleta":"Requerimento N\u00ba 147/2019","complementoprocesso":null,"complementoadicional":null},"remetente":{"id":402,"nome":"ANTONIA APARECIDA PEREIRA DE SOUZA","ativo":0,"versao":0,"apelido":"RENATA FRANCO","publicar":0,"__model__":"Autor","tipoautor":3,"legislativo":1,"observacoes":"1. Eleita com 475 votos pela Coliga\u00e7\u00e3o Atitude e Coragem Para Juntos Fazer Diferente - 2, pelo PSDB, no pleito de 02.10.2016. Empossada em 01.01.2017.","usarapelido":0},"resultado":{},"sequencia":1,"vinculopai":{},"complemento":"Incluso na pauta da sess\u00e3o ordin\u00e1ria do dia 02.09.2019","destinatario":{"id":8,"nome":"Presid\u00eancia","ativo":1,"versao":1,"apelido":"Presid\u00eancia","publicar":0,"__model__":"Autor","tipoautor":9,"legislativo":0,"observacoes":null,"usarapelido":0},"respostadata":"2019-09-02T00:00:00Z","documentovinculado":{},"respostaobservacoes":"Lido e aprovado no expediente.","remetenteusarapelido":0,"destinatariousarapelido":0,"respostadocumentovinculado":{}}}},"timestamp":"2019-08-26T23:00:00-04:00","data_tramitacao":"2019-08-27","data_encaminhamento":"2019-08-27","urgente":false,"turno":"","texto":"Complemento: Incluso na pauta da sess\u00e3o ordin\u00e1ria do dia 02.09.2019\nData da Resposta: 02/09/2019\nResposta Observa\u00e7\u00f5es: Lido e aprovado no expediente.","data_fim_prazo":null,"ip":"","ultima_edicao":null,"status":41,"materia":17300,"unidade_tramitacao_local":402,"unidade_tramitacao_destino":8,"user":null}