{"id":9941,"__str__":"Projeto de Lei Executivo n\u00ba 15 de 2019 | Encaminhamento de Expediente | 05/09/2019","link_detail_backend":"/materia/tramitacao/9941","metadata":{"old_system":{"value":{"id":9941,"versao":0,"objetivo":{},"publicar":1,"__model__":"Tramitacao","dataenvio":"2019-09-05T00:00:00Z","dataprazo":null,"documento":{"id":16317,"ano":2019,"data":"2019-02-21T00:00:00Z","flag1":null,"valor":null,"numero":15,"quorum":27,"regime":6,"versao":0,"assunto":"Disp\u00f5e sobre a reorganiza\u00e7\u00e3o e o funcionamento do Conselho Tutelar no Munic\u00edpio de Campo Novo do Parecis e d\u00e1 outras provid\u00eancias.","subtipo":209,"votacao":null,"publicar":1,"situacao":334,"__model__":"Documento","descricao":"Projeto de Lei N\u00ba 15/2019","discussao":null,"anoprocesso":null,"complemento":null,"observacoes":"","anoadicional":null,"dataadicional":null,"identificacao":null,"tipodocumento":129,"numeroprocesso":null,"numeroadicional":null,"descricaocompleta":"Projeto de Lei N\u00ba 15/2019","complementoprocesso":null,"complementoadicional":null},"remetente":{"id":8,"nome":"Presid\u00eancia","ativo":1,"versao":1,"apelido":"Presid\u00eancia","publicar":0,"__model__":"Autor","tipoautor":9,"legislativo":0,"observacoes":null,"usarapelido":0},"resultado":{},"sequencia":10,"vinculopai":{},"complemento":"Incluso na pauta da ordem do dia da sess\u00e3o 09.09.2019.","destinatario":{"id":10,"nome":"Plen\u00e1rio","ativo":1,"versao":1,"apelido":"Plen\u00e1rio","publicar":0,"__model__":"Autor","tipoautor":9,"legislativo":0,"observacoes":null,"usarapelido":0},"respostadata":"2019-09-09T00:00:00Z","documentovinculado":{},"respostaobservacoes":"Aprovado em 1\u00aa discuss\u00e3o por 5x3 votos, com as emendas apresentadas, retorna \u00e0 pauta da ordem do dia da pr\u00f3xima sess\u00e3o ordin\u00e1ria.","remetenteusarapelido":0,"destinatariousarapelido":0,"respostadocumentovinculado":{}}}},"timestamp":"2019-09-04T23:00:00-04:00","data_tramitacao":"2019-09-05","data_encaminhamento":"2019-09-05","urgente":false,"turno":"","texto":"Complemento: Incluso na pauta da ordem do dia da sess\u00e3o 09.09.2019.\nData da Resposta: 09/09/2019\nResposta Observa\u00e7\u00f5es: Aprovado em 1\u00aa discuss\u00e3o por 5x3 votos, com as emendas apresentadas, retorna \u00e0 pauta da ordem do dia da pr\u00f3xima sess\u00e3o ordin\u00e1ria.","data_fim_prazo":null,"ip":"","ultima_edicao":null,"status":41,"materia":16317,"unidade_tramitacao_local":8,"unidade_tramitacao_destino":10,"user":null}