{"id":9999,"__str__":"Projeto de Lei Executivo n\u00ba 66 de 2019 | Encaminhamento de Expediente | 27/09/2019","link_detail_backend":"/materia/tramitacao/9999","metadata":{"old_system":{"value":{"id":9999,"versao":0,"objetivo":{},"publicar":1,"__model__":"Tramitacao","dataenvio":"2019-09-27T00:00:00Z","dataprazo":"2019-10-07T00:00:00Z","documento":{"id":17437,"ano":2019,"data":"2019-09-10T00:00:00Z","flag1":null,"valor":null,"numero":66,"quorum":27,"regime":6,"versao":0,"assunto":"Autoriza o Poder Executivo Municipal a abrir cr\u00e9dito adicional suplementar no valor de R$34.000,00 e altera o Anexo VIII da Lei Municipal n\u00ba 1.974, de 26 de dezembro de 2018 e d\u00e1 outras provid\u00eancias.","subtipo":209,"votacao":null,"publicar":1,"situacao":334,"__model__":"Documento","descricao":"Projeto de Lei N\u00ba 66/2019","discussao":null,"anoprocesso":null,"complemento":null,"observacoes":"","anoadicional":null,"dataadicional":null,"identificacao":null,"tipodocumento":129,"numeroprocesso":null,"numeroadicional":null,"descricaocompleta":"Projeto de Lei N\u00ba 66/2019","complementoprocesso":null,"complementoadicional":null},"remetente":{"id":6,"nome":"Secretaria","ativo":1,"versao":1,"apelido":"Secretaria","publicar":0,"__model__":"Autor","tipoautor":9,"legislativo":0,"observacoes":null,"usarapelido":0},"resultado":{},"sequencia":3,"vinculopai":{},"complemento":"","destinatario":{"id":380,"nome":"COMISS\u00c3O DE LEGISLA\u00c7\u00c3O, JUSTI\u00c7A E REDA\u00c7\u00c3O FINAL","ativo":1,"versao":1,"apelido":"COMISS\u00c3O DE LEGISLA\u00c7\u00c3O, JUSTI\u00c7A E REDA\u00c7\u00c3O FINAL","publicar":1,"__model__":"Autor","tipoautor":2,"legislativo":0,"observacoes":"","usarapelido":0},"respostadata":"2019-10-07T00:00:00Z","documentovinculado":{},"respostaobservacoes":"Parecer favor\u00e1vel.","remetenteusarapelido":0,"destinatariousarapelido":0,"respostadocumentovinculado":{}}}},"timestamp":"2019-09-26T23:00:00-04:00","data_tramitacao":"2019-09-27","data_encaminhamento":"2019-09-27","urgente":false,"turno":"","texto":"Data da Resposta: 07/10/2019\nResposta Observa\u00e7\u00f5es: Parecer favor\u00e1vel.","data_fim_prazo":"2019-10-07","ip":"","ultima_edicao":null,"status":41,"materia":17437,"unidade_tramitacao_local":6,"unidade_tramitacao_destino":698,"user":null}