{"id":1236,"__str__":"Ordem do Dia/Expediente: 13 - Mo\u00e7\u00e3o Aplauso n\u00ba 8 de 2016 em 30\u00aa Sess\u00e3o Ordin\u00e1ria de 2016 da 4\u00aa Sess\u00e3o Legislativa da 7\u00aa Legislatura","link_detail_backend":"/sessao/ordemdia/1236","metadata":{"old_system":{"value":{"id":1236,"data":"2016-12-12T00:00:00Z","fase":{"id":15,"tipo":7,"ordem":3,"versao":1,"__model__":"Tipo","descricao":"Discuss\u00e3o \u00danica","descricoes":"Discuss\u00e3o \u00danica"},"tipo":{"id":48,"tipo":13,"ordem":2,"versao":1,"__model__":"Tipo","descricao":"Simb\u00f3lica","descricoes":"Simb\u00f3licas"},"favor":7,"ordem":12,"branco":null,"contra":null,"sessao":{"id":316,"ano":2016,"data":"2016-12-12T00:00:00Z","hora":"1753-01-01T18:00:00Z","tipo":7,"classe":0,"numero":30,"versao":1,"publicar":1,"__model__":"Sessao","observacoes":"","sessaolegislativa":null},"versao":0,"ausente":1,"publicar":1,"__model__":"Votacao","abstencao":1,"documento":{"id":12497,"ano":2016,"data":"2016-12-01T00:00:00Z","flag1":null,"valor":null,"numero":8,"quorum":null,"regime":5,"versao":0,"assunto":"MO\u00c7\u00c3O DE APLAUSOS n\u00ba103/2016, dirigida aos alunos e professores da Escola Municipal 04 de Julho, que se destacaram no ano de 2016 e receberam premia\u00e7\u00f5es a n\u00edvel estadual e nacional!","subtipo":426,"votacao":null,"publicar":1,"situacao":16,"__model__":"Documento","descricao":"Mo\u00e7\u00e3o N\u00ba 8/2016","discussao":null,"anoprocesso":null,"complemento":null,"observacoes":"","anoadicional":null,"dataadicional":null,"identificacao":null,"tipodocumento":136,"numeroprocesso":null,"numeroadicional":null,"descricaocompleta":"Mo\u00e7\u00e3o N\u00ba 8/2016","complementoprocesso":null,"complementoadicional":null},"resultado":{"id":49,"tipo":14,"ordem":0,"versao":1,"__model__":"Tipo","descricao":"Aprovado","descricoes":"Aprovado"},"observacoes":""}}},"data_ordem":"2016-12-12","observacao":"","numero_ordem":13,"resultado":"Aprovado","tipo_votacao":1,"votacao_aberta":false,"registro_aberto":false,"sessao_plenaria":316,"materia":12497,"tramitacao":null}