{"id":2239,"__str__":"Ordem do Dia/Expediente: 6 - Projeto de Lei Executivo n\u00ba 95 de 2019 em 5\u00aa Sess\u00e3o Extraordin\u00e1ria de 2019 da 3\u00aa Sess\u00e3o Legislativa da 8\u00aa Legislatura","link_detail_backend":"/sessao/ordemdia/2239","metadata":{"old_system":{"value":{"id":2239,"data":"2019-12-16T00:00:00Z","fase":{"id":15,"tipo":7,"ordem":3,"versao":1,"__model__":"Tipo","descricao":"Discuss\u00e3o \u00danica","descricoes":"Discuss\u00e3o \u00danica"},"tipo":{"id":48,"tipo":13,"ordem":2,"versao":1,"__model__":"Tipo","descricao":"Simb\u00f3lica","descricoes":"Simb\u00f3licas"},"favor":8,"ordem":5,"branco":null,"contra":null,"sessao":{"id":438,"ano":2019,"data":"2019-12-16T00:00:00Z","hora":"1753-01-01T08:30:00Z","tipo":8,"classe":0,"numero":5,"versao":0,"publicar":1,"__model__":"Sessao","observacoes":"","sessaolegislativa":null},"versao":0,"ausente":null,"publicar":1,"__model__":"Votacao","abstencao":null,"documento":{"id":17967,"ano":2019,"data":"2019-11-25T00:00:00Z","flag1":null,"valor":null,"numero":95,"quorum":27,"regime":6,"versao":0,"assunto":"Altera parcialmente o Anexo II - Mapa do Zoneamento Urbano do Munic\u00edpio, anexo \u00e0 Lei n\u00ba 1.859/2016, que disp\u00f5e sobre o macrozoneamento, zoneamento, uso e ocupa\u00e7\u00e3o do solo no Munic\u00edpio de Campo Novo do Parecis, para alterar o zoneamento dos lotes que menciona.","subtipo":209,"votacao":null,"publicar":1,"situacao":334,"__model__":"Documento","descricao":"Projeto de Lei N\u00ba 95/2019","discussao":null,"anoprocesso":null,"complemento":null,"observacoes":"","anoadicional":null,"dataadicional":null,"identificacao":null,"tipodocumento":129,"numeroprocesso":null,"numeroadicional":null,"descricaocompleta":"Projeto de Lei N\u00ba 95/2019","complementoprocesso":null,"complementoadicional":null},"resultado":{"id":49,"tipo":14,"ordem":0,"versao":1,"__model__":"Tipo","descricao":"Aprovado","descricoes":"Aprovado"},"observacoes":""}}},"data_ordem":"2019-12-16","observacao":"","numero_ordem":6,"resultado":"Aprovado","tipo_votacao":1,"votacao_aberta":false,"registro_aberto":false,"sessao_plenaria":438,"materia":17967,"tramitacao":null}