{"id":2318,"__str__":"Ordem do Dia/Expediente: 1 - Requerimento n\u00ba 187 de 2020 em 14\u00aa Sess\u00e3o Ordin\u00e1ria de 2020 da 4\u00aa Sess\u00e3o Legislativa da 8\u00aa Legislatura","link_detail_backend":"/sessao/ordemdia/2318","metadata":{"old_system":{"value":{"id":2318,"data":"2020-06-08T00:00:00Z","fase":{"id":15,"tipo":7,"ordem":3,"versao":1,"__model__":"Tipo","descricao":"Discuss\u00e3o \u00danica","descricoes":"Discuss\u00e3o \u00danica"},"tipo":{"id":48,"tipo":13,"ordem":2,"versao":1,"__model__":"Tipo","descricao":"Simb\u00f3lica","descricoes":"Simb\u00f3licas"},"favor":8,"ordem":0,"branco":null,"contra":null,"sessao":{"id":454,"ano":2020,"data":"2020-06-08T00:00:00Z","hora":"1753-01-01T17:30:00Z","tipo":7,"classe":0,"numero":14,"versao":0,"publicar":1,"__model__":"Sessao","observacoes":"","sessaolegislativa":null},"versao":0,"ausente":null,"publicar":1,"__model__":"Votacao","abstencao":null,"documento":{"id":18797,"ano":2020,"data":"2020-06-05T00:00:00Z","flag1":null,"valor":null,"numero":187,"quorum":null,"regime":6,"versao":0,"assunto":"Requerem ao Sr. Prefeito, ouvido o soberano Plen\u00e1rio, com fundamento no art. 23, XIII, da Lei Org\u00e2nica Municipal, por interm\u00e9dio da Secretaria Municipal de Sa\u00fade, as seguintes informa\u00e7\u00f5es quanto ao aparelho de Raio-x do Centro Hospitalar Parecis \"Euclides Horst\" - CHP: 1. que seja esclarecido o porqu\u00ea de ainda n\u00e3o ter sido procedido ao conserto do aparelho, inoperante por avaria desde novembro de 2019, ou seja, h\u00e1 7 (sete) meses; 2. qual a previs\u00e3o para restabelecimento dos servi\u00e7os de Raio-X; 3. de que forma est\u00e1 sendo atendida essa demanda pelo CHP (enviar relat\u00f3rio de despesas respeitante); 4. data do in\u00edcio de funcionamento desse aparelho, valor pago (com a indica\u00e7\u00e3o da fonte de recursos) e custo da adequa\u00e7\u00e3o do local para sua instala\u00e7\u00e3o; 5. quantas vezes, desde a instala\u00e7\u00e3o, essa m\u00e1quina ficou inoperante; 6. documentos que comprovem a realiza\u00e7\u00e3o de manuten\u00e7\u00f5es preventivas; 7. c\u00f3pia das solicita\u00e7\u00f5es encaminhadas \u00e0 assist\u00eancia t\u00e9cnica quanto a manuten\u00e7\u00e3o corretiva do aparelho, no per\u00edodo de novembro/2019 a junho/2020.","subtipo":null,"votacao":null,"publicar":1,"situacao":259,"__model__":"Documento","descricao":"Requerimento N\u00ba 187/2020","discussao":null,"anoprocesso":null,"complemento":null,"observacoes":"","anoadicional":null,"dataadicional":null,"identificacao":null,"tipodocumento":134,"numeroprocesso":null,"numeroadicional":null,"descricaocompleta":"Requerimento N\u00ba 187/2020","complementoprocesso":null,"complementoadicional":null},"resultado":{"id":49,"tipo":14,"ordem":0,"versao":1,"__model__":"Tipo","descricao":"Aprovado","descricoes":"Aprovado"},"observacoes":""}}},"data_ordem":"2020-06-08","observacao":"","numero_ordem":1,"resultado":"Aprovado","tipo_votacao":1,"votacao_aberta":false,"registro_aberto":false,"sessao_plenaria":454,"materia":18797,"tramitacao":null}