{"id":3154,"__str__":"Ordem do Dia/Expediente: 8 - Projeto de Resolu\u00e7\u00e3o Mesa n\u00ba 5 de 2023 em 5\u00aa Sess\u00e3o Ordin\u00e1ria de 2023 da 3\u00aa Sess\u00e3o Legislativa da 9\u00aa Legislatura","link_detail_backend":"/sessao/ordemdia/3154","metadata":{"old_system":{"value":{"id":3154,"data":"2023-03-13T00:00:00Z","fase":{"id":15,"tipo":7,"ordem":3,"versao":1,"__model__":"Tipo","descricao":"Discuss\u00e3o \u00danica","descricoes":"Discuss\u00e3o \u00danica"},"tipo":{"id":48,"tipo":13,"ordem":2,"versao":1,"__model__":"Tipo","descricao":"Simb\u00f3lica","descricoes":"Simb\u00f3licas"},"favor":8,"ordem":7,"branco":null,"contra":null,"sessao":{"id":564,"ano":2023,"data":"2023-03-13T00:00:00Z","hora":"1753-01-01T17:30:00Z","tipo":7,"classe":0,"numero":5,"versao":0,"publicar":1,"__model__":"Sessao","observacoes":"","sessaolegislativa":null},"versao":0,"ausente":null,"publicar":1,"__model__":"Votacao","abstencao":null,"documento":{"id":24080,"ano":2023,"data":"2023-03-02T00:00:00Z","flag1":null,"valor":null,"numero":5,"quorum":27,"regime":5,"versao":0,"assunto":"Disp\u00f5e sobre a cria\u00e7\u00e3o do cargo de Tradutor e Int\u00e9rprete de Libras e Chefe da Divis\u00e3o de Licita\u00e7\u00f5es e Contratos Administrativos no quadro de pessoal em comiss\u00e3o da C\u00e2mara Municipal de Campo Novo do Parecis.","subtipo":218,"votacao":null,"publicar":0,"situacao":259,"__model__":"Documento","descricao":"Projeto de Resolu\u00e7\u00e3o N\u00ba 5/2023","discussao":null,"anoprocesso":null,"complemento":null,"observacoes":"","anoadicional":null,"dataadicional":null,"identificacao":null,"tipodocumento":132,"numeroprocesso":null,"numeroadicional":null,"descricaocompleta":"Projeto de Resolu\u00e7\u00e3o N\u00ba 5/2023","complementoprocesso":null,"complementoadicional":null},"resultado":{"id":49,"tipo":14,"ordem":0,"versao":1,"__model__":"Tipo","descricao":"Aprovado","descricoes":"Aprovado"},"observacoes":""}}},"data_ordem":"2023-03-13","observacao":"","numero_ordem":8,"resultado":"Aprovado","tipo_votacao":1,"votacao_aberta":false,"registro_aberto":false,"sessao_plenaria":564,"materia":24080,"tramitacao":null}